{"id":12911,"date":"2026-07-07T16:06:05","date_gmt":"2026-07-07T14:06:05","guid":{"rendered":"https:\/\/leaderlinne.se\/?p=12911"},"modified":"2026-07-07T16:18:07","modified_gmt":"2026-07-07T14:18:07","slug":"semesterstangt-pa-kontoret-i-alvesta","status":"publish","type":"post","link":"https:\/\/leaderlinne.se\/en\/semesterstangt-pa-kontoret-i-alvesta\/","title":{"rendered":"Closed for vacation at the office in Alvesta!"},"content":{"rendered":"<div class=\"x14z9mp xat24cr x1lziwak x1vvkbs xtlvy1s x126k92a\">\n<h1 dir=\"auto\">Vacation times 2026<\/h1>\n<\/div>\n<h1 dir=\"auto\"><\/h1>\n<p>&nbsp;<\/p>\n<div class=\"x14z9mp xat24cr x1lziwak x1vvkbs xtlvy1s x126k92a\">\n<div dir=\"auto\">\n<p>Now we in the staff are soon going on vacation and will be back at the beginning of August.<\/p>\n<\/div>\n<\/div>\n<h1 dir=\"auto\"><\/h1>\n<p>&nbsp;<\/p>\n<div class=\"x14z9mp xat24cr x1lziwak x1vvkbs xtlvy1s x126k92a\">\n<div dir=\"auto\">\n<p><span class=\"html-span xexx8yu xyri2b x18d9i69 x1c1uobl x1hl2dhg x16tdsg8 x1vvkbs x3nfvp2 x1j61x8r x1fcty0u xdj266r xat24cr xm2jcoa x1mpyi22 xxymvpz xlup9mm x1kky2od\"><img loading=\"lazy\" decoding=\"async\" class=\"xz74otr x15mokao x1ga7v0g x16uus16 xbiv7yw\" src=\"https:\/\/static.xx.fbcdn.net\/images\/emoji.php\/v9\/t69\/1\/16\/1f331.png\" alt=\"\ud83c\udf31\" width=\"16\" height=\"16\" \/><\/span> The office is closed for vacation W.29-32. In case of urgent matters, however, it is possible to contact Emilie from July 27.<\/p>\n<\/div>\n<\/div>\n<h1 dir=\"auto\"><\/h1>\n<p>&nbsp;<\/p>\n<div class=\"x14z9mp xat24cr x1lziwak x1vvkbs xtlvy1s x126k92a\">\n<div dir=\"auto\"><\/div>\n<\/div>\n<div class=\"x14z9mp xat24cr x1lziwak x1vvkbs xtlvy1s x126k92a\">\n<div dir=\"auto\">\n<p><span class=\"html-span xexx8yu xyri2b x18d9i69 x1c1uobl x1hl2dhg x16tdsg8 x1vvkbs x3nfvp2 x1j61x8r x1fcty0u xdj266r xat24cr xm2jcoa x1mpyi22 xxymvpz xlup9mm x1kky2od\"><img loading=\"lazy\" decoding=\"async\" class=\"xz74otr x15mokao x1ga7v0g x16uus16 xbiv7yw\" src=\"https:\/\/static.xx.fbcdn.net\/images\/emoji.php\/v9\/t69\/1\/16\/1f331.png\" alt=\"\ud83c\udf31\" width=\"16\" height=\"16\" \/><\/span> You who want to apply for micro-support can of course fill out an application and email us already now in advance. We will get back to you as soon as we are back again and provide information as quickly as we can.<\/p>\n<\/div>\n<\/div>\n<h1 dir=\"auto\"><\/h1>\n<p>&nbsp;<\/p>\n<div class=\"x14z9mp xat24cr x1lziwak x1vvkbs xtlvy1s x126k92a\">\n<div dir=\"auto\"><\/div>\n<\/div>\n<div class=\"x14z9mp xat24cr x1lziwak x1vvkbs xtlvy1s x126k92a\">\n<div dir=\"auto\"><span class=\"html-span xexx8yu xyri2b x18d9i69 x1c1uobl x1hl2dhg x16tdsg8 x1vvkbs x3nfvp2 x1j61x8r x1fcty0u xdj266r xat24cr xm2jcoa x1mpyi22 xxymvpz xlup9mm x1kky2od\"><img loading=\"lazy\" decoding=\"async\" class=\"xz74otr x15mokao x1ga7v0g x16uus16 xbiv7yw\" src=\"https:\/\/static.xx.fbcdn.net\/images\/emoji.php\/v9\/t6d\/1\/16\/2600.png\" alt=\"\u2600\" width=\"16\" height=\"16\" \/><\/span> We wish you all a really nice summer!<\/div>\n<\/div>\n<div dir=\"auto\"><\/div>\n<h1 dir=\"auto\"><\/h1>\n<p>&nbsp;<\/p>\n<p>&nbsp;<\/p>","protected":false},"excerpt":{"rendered":"<p>Now the staff is about to go on vacation and will be back at the beginning of August. The office is closed for vacation W.29-32.<\/p>","protected":false},"author":129,"featured_media":12913,"comment_status":"closed","ping_status":"closed","sticky":false,"template":"","format":"standard","meta":{"_acf_changed":false,"_et_pb_use_builder":"","_et_pb_old_content":"","_et_gb_content_width":"","footnotes":"","_links_to":"","_links_to_target":""},"categories":[1],"tags":[],"class_list":["post-12911","post","type-post","status-publish","format-standard","has-post-thumbnail","hentry","category-nyhet"],"acf":[],"yoast_head":"<!-- This site is optimized with the Yoast SEO plugin v28.2 - https:\/\/yoast.com\/product\/yoast-seo-wordpress\/ -->\n<title>Semesterst\u00e4ngt p\u00e5 kontoret i Alvesta! - Leader Linn\u00e9 Sm\u00e5land<\/title>\n<meta name=\"robots\" content=\"index, follow, max-snippet:-1, max-image-preview:large, max-video-preview:-1\" \/>\n<link rel=\"canonical\" href=\"https:\/\/leaderlinne.se\/en\/semesterstangt-pa-kontoret-i-alvesta\/\" \/>\n<meta property=\"og:locale\" content=\"en_US\" \/>\n<meta property=\"og:type\" content=\"article\" \/>\n<meta property=\"og:title\" content=\"Semesterst\u00e4ngt p\u00e5 kontoret i Alvesta! - Leader Linn\u00e9 Sm\u00e5land\" \/>\n<meta property=\"og:description\" content=\"Nu g\u00e5r vi i personalen straxt p\u00e5 semester och \u00e4r tillbaka i b\u00f6rjan av augusti. Kontoret har semesterst\u00e4ngt V.29-32.\" \/>\n<meta property=\"og:url\" content=\"https:\/\/leaderlinne.se\/en\/semesterstangt-pa-kontoret-i-alvesta\/\" \/>\n<meta property=\"og:site_name\" content=\"Leader Linn\u00e9 Sm\u00e5land\" \/>\n<meta property=\"article:published_time\" content=\"2026-07-07T14:06:05+00:00\" \/>\n<meta property=\"article:modified_time\" content=\"2026-07-07T14:18:07+00:00\" \/>\n<meta property=\"og:image\" content=\"https:\/\/leaderlinne.se\/wp-content\/uploads\/sites\/52\/2026\/07\/734705975_1674024074725605_1190035381401039905_n.jpg\" \/>\n\t<meta property=\"og:image:width\" content=\"2048\" \/>\n\t<meta property=\"og:image:height\" content=\"1463\" \/>\n\t<meta property=\"og:image:type\" content=\"image\/jpeg\" \/>\n<meta name=\"author\" content=\"sofialeaderlinne\" \/>\n<meta name=\"twitter:card\" content=\"summary_large_image\" \/>\n<meta name=\"twitter:label1\" content=\"Written by\" \/>\n\t<meta name=\"twitter:data1\" content=\"sofialeaderlinne\" \/>\n\t<meta name=\"twitter:label2\" content=\"Est. reading time\" \/>\n\t<meta name=\"twitter:data2\" content=\"2 minutes\" \/>\n<script type=\"application\/ld+json\" class=\"yoast-schema-graph\">{\"@context\":\"https:\\\/\\\/schema.org\",\"@graph\":[{\"@type\":\"Article\",\"@id\":\"https:\\\/\\\/leaderlinne.se\\\/semesterstangt-pa-kontoret-i-alvesta\\\/#article\",\"isPartOf\":{\"@id\":\"https:\\\/\\\/leaderlinne.se\\\/semesterstangt-pa-kontoret-i-alvesta\\\/\"},\"author\":{\"name\":\"sofialeaderlinne\",\"@id\":\"https:\\\/\\\/leaderlinne.se\\\/#\\\/schema\\\/person\\\/cd68d7cc186f30b547d3ac8afa4c650d\"},\"headline\":\"Semesterst\u00e4ngt p\u00e5 kontoret i Alvesta!\",\"datePublished\":\"2026-07-07T14:06:05+00:00\",\"dateModified\":\"2026-07-07T14:18:07+00:00\",\"mainEntityOfPage\":{\"@id\":\"https:\\\/\\\/leaderlinne.se\\\/semesterstangt-pa-kontoret-i-alvesta\\\/\"},\"wordCount\":105,\"image\":{\"@id\":\"https:\\\/\\\/leaderlinne.se\\\/semesterstangt-pa-kontoret-i-alvesta\\\/#primaryimage\"},\"thumbnailUrl\":\"https:\\\/\\\/leaderlinne.se\\\/wp-content\\\/uploads\\\/sites\\\/52\\\/2026\\\/07\\\/734705975_1674024074725605_1190035381401039905_n.jpg\",\"articleSection\":[\"Nyheter\"],\"inLanguage\":\"en-US\"},{\"@type\":\"WebPage\",\"@id\":\"https:\\\/\\\/leaderlinne.se\\\/semesterstangt-pa-kontoret-i-alvesta\\\/\",\"url\":\"https:\\\/\\\/leaderlinne.se\\\/semesterstangt-pa-kontoret-i-alvesta\\\/\",\"name\":\"Semesterst\u00e4ngt p\u00e5 kontoret i Alvesta! - Leader Linn\u00e9 Sm\u00e5land\",\"isPartOf\":{\"@id\":\"https:\\\/\\\/leaderlinne.se\\\/#website\"},\"primaryImageOfPage\":{\"@id\":\"https:\\\/\\\/leaderlinne.se\\\/semesterstangt-pa-kontoret-i-alvesta\\\/#primaryimage\"},\"image\":{\"@id\":\"https:\\\/\\\/leaderlinne.se\\\/semesterstangt-pa-kontoret-i-alvesta\\\/#primaryimage\"},\"thumbnailUrl\":\"https:\\\/\\\/leaderlinne.se\\\/wp-content\\\/uploads\\\/sites\\\/52\\\/2026\\\/07\\\/734705975_1674024074725605_1190035381401039905_n.jpg\",\"datePublished\":\"2026-07-07T14:06:05+00:00\",\"dateModified\":\"2026-07-07T14:18:07+00:00\",\"author\":{\"@id\":\"https:\\\/\\\/leaderlinne.se\\\/#\\\/schema\\\/person\\\/cd68d7cc186f30b547d3ac8afa4c650d\"},\"breadcrumb\":{\"@id\":\"https:\\\/\\\/leaderlinne.se\\\/semesterstangt-pa-kontoret-i-alvesta\\\/#breadcrumb\"},\"inLanguage\":\"en-US\",\"potentialAction\":[{\"@type\":\"ReadAction\",\"target\":[\"https:\\\/\\\/leaderlinne.se\\\/semesterstangt-pa-kontoret-i-alvesta\\\/\"]}]},{\"@type\":\"ImageObject\",\"inLanguage\":\"en-US\",\"@id\":\"https:\\\/\\\/leaderlinne.se\\\/semesterstangt-pa-kontoret-i-alvesta\\\/#primaryimage\",\"url\":\"https:\\\/\\\/leaderlinne.se\\\/wp-content\\\/uploads\\\/sites\\\/52\\\/2026\\\/07\\\/734705975_1674024074725605_1190035381401039905_n.jpg\",\"contentUrl\":\"https:\\\/\\\/leaderlinne.se\\\/wp-content\\\/uploads\\\/sites\\\/52\\\/2026\\\/07\\\/734705975_1674024074725605_1190035381401039905_n.jpg\",\"width\":2048,\"height\":1463},{\"@type\":\"BreadcrumbList\",\"@id\":\"https:\\\/\\\/leaderlinne.se\\\/semesterstangt-pa-kontoret-i-alvesta\\\/#breadcrumb\",\"itemListElement\":[{\"@type\":\"ListItem\",\"position\":1,\"name\":\"Hem\",\"item\":\"https:\\\/\\\/leaderlinne.se\\\/\"},{\"@type\":\"ListItem\",\"position\":2,\"name\":\"Semesterst\u00e4ngt p\u00e5 kontoret i Alvesta!\"}]},{\"@type\":\"WebSite\",\"@id\":\"https:\\\/\\\/leaderlinne.se\\\/#website\",\"url\":\"https:\\\/\\\/leaderlinne.se\\\/\",\"name\":\"Leader Linn\u00e9 Sm\u00e5land\",\"description\":\"Du vet b\u00e4st vad din bygd beh\u00f6ver!\",\"potentialAction\":[{\"@type\":\"SearchAction\",\"target\":{\"@type\":\"EntryPoint\",\"urlTemplate\":\"https:\\\/\\\/leaderlinne.se\\\/?s={search_term_string}\"},\"query-input\":{\"@type\":\"PropertyValueSpecification\",\"valueRequired\":true,\"valueName\":\"search_term_string\"}}],\"inLanguage\":\"en-US\"},{\"@type\":\"Person\",\"@id\":\"https:\\\/\\\/leaderlinne.se\\\/#\\\/schema\\\/person\\\/cd68d7cc186f30b547d3ac8afa4c650d\",\"name\":\"sofialeaderlinne\",\"image\":{\"@type\":\"ImageObject\",\"inLanguage\":\"en-US\",\"@id\":\"https:\\\/\\\/secure.gravatar.com\\\/avatar\\\/0fafd301831eefcd45aaeaee7463754a5bb1cd60415987f6d887dcbc11f3edf5?s=96&d=mm&r=g\",\"url\":\"https:\\\/\\\/secure.gravatar.com\\\/avatar\\\/0fafd301831eefcd45aaeaee7463754a5bb1cd60415987f6d887dcbc11f3edf5?s=96&d=mm&r=g\",\"contentUrl\":\"https:\\\/\\\/secure.gravatar.com\\\/avatar\\\/0fafd301831eefcd45aaeaee7463754a5bb1cd60415987f6d887dcbc11f3edf5?s=96&d=mm&r=g\",\"caption\":\"sofialeaderlinne\"}}]}<\/script>\n<!-- \/ Yoast SEO plugin. -->","yoast_head_json":{"title":"Semesterst\u00e4ngt p\u00e5 kontoret i Alvesta! - Leader Linn\u00e9 Sm\u00e5land","robots":{"index":"index","follow":"follow","max-snippet":"max-snippet:-1","max-image-preview":"max-image-preview:large","max-video-preview":"max-video-preview:-1"},"canonical":"https:\/\/leaderlinne.se\/en\/semesterstangt-pa-kontoret-i-alvesta\/","og_locale":"en_US","og_type":"article","og_title":"Semesterst\u00e4ngt p\u00e5 kontoret i Alvesta! - Leader Linn\u00e9 Sm\u00e5land","og_description":"Nu g\u00e5r vi i personalen straxt p\u00e5 semester och \u00e4r tillbaka i b\u00f6rjan av augusti. Kontoret har semesterst\u00e4ngt V.29-32.","og_url":"https:\/\/leaderlinne.se\/en\/semesterstangt-pa-kontoret-i-alvesta\/","og_site_name":"Leader Linn\u00e9 Sm\u00e5land","article_published_time":"2026-07-07T14:06:05+00:00","article_modified_time":"2026-07-07T14:18:07+00:00","og_image":[{"width":2048,"height":1463,"url":"https:\/\/leaderlinne.se\/wp-content\/uploads\/sites\/52\/2026\/07\/734705975_1674024074725605_1190035381401039905_n.jpg","type":"image\/jpeg"}],"author":"sofialeaderlinne","twitter_card":"summary_large_image","twitter_misc":{"Written by":"sofialeaderlinne","Est. reading time":"2 minutes"},"schema":{"@context":"https:\/\/schema.org","@graph":[{"@type":"Article","@id":"https:\/\/leaderlinne.se\/semesterstangt-pa-kontoret-i-alvesta\/#article","isPartOf":{"@id":"https:\/\/leaderlinne.se\/semesterstangt-pa-kontoret-i-alvesta\/"},"author":{"name":"sofialeaderlinne","@id":"https:\/\/leaderlinne.se\/#\/schema\/person\/cd68d7cc186f30b547d3ac8afa4c650d"},"headline":"Semesterst\u00e4ngt p\u00e5 kontoret i Alvesta!","datePublished":"2026-07-07T14:06:05+00:00","dateModified":"2026-07-07T14:18:07+00:00","mainEntityOfPage":{"@id":"https:\/\/leaderlinne.se\/semesterstangt-pa-kontoret-i-alvesta\/"},"wordCount":105,"image":{"@id":"https:\/\/leaderlinne.se\/semesterstangt-pa-kontoret-i-alvesta\/#primaryimage"},"thumbnailUrl":"https:\/\/leaderlinne.se\/wp-content\/uploads\/sites\/52\/2026\/07\/734705975_1674024074725605_1190035381401039905_n.jpg","articleSection":["Nyheter"],"inLanguage":"en-US"},{"@type":"WebPage","@id":"https:\/\/leaderlinne.se\/semesterstangt-pa-kontoret-i-alvesta\/","url":"https:\/\/leaderlinne.se\/semesterstangt-pa-kontoret-i-alvesta\/","name":"Semesterst\u00e4ngt p\u00e5 kontoret i Alvesta! - Leader Linn\u00e9 Sm\u00e5land","isPartOf":{"@id":"https:\/\/leaderlinne.se\/#website"},"primaryImageOfPage":{"@id":"https:\/\/leaderlinne.se\/semesterstangt-pa-kontoret-i-alvesta\/#primaryimage"},"image":{"@id":"https:\/\/leaderlinne.se\/semesterstangt-pa-kontoret-i-alvesta\/#primaryimage"},"thumbnailUrl":"https:\/\/leaderlinne.se\/wp-content\/uploads\/sites\/52\/2026\/07\/734705975_1674024074725605_1190035381401039905_n.jpg","datePublished":"2026-07-07T14:06:05+00:00","dateModified":"2026-07-07T14:18:07+00:00","author":{"@id":"https:\/\/leaderlinne.se\/#\/schema\/person\/cd68d7cc186f30b547d3ac8afa4c650d"},"breadcrumb":{"@id":"https:\/\/leaderlinne.se\/semesterstangt-pa-kontoret-i-alvesta\/#breadcrumb"},"inLanguage":"en-US","potentialAction":[{"@type":"ReadAction","target":["https:\/\/leaderlinne.se\/semesterstangt-pa-kontoret-i-alvesta\/"]}]},{"@type":"ImageObject","inLanguage":"en-US","@id":"https:\/\/leaderlinne.se\/semesterstangt-pa-kontoret-i-alvesta\/#primaryimage","url":"https:\/\/leaderlinne.se\/wp-content\/uploads\/sites\/52\/2026\/07\/734705975_1674024074725605_1190035381401039905_n.jpg","contentUrl":"https:\/\/leaderlinne.se\/wp-content\/uploads\/sites\/52\/2026\/07\/734705975_1674024074725605_1190035381401039905_n.jpg","width":2048,"height":1463},{"@type":"BreadcrumbList","@id":"https:\/\/leaderlinne.se\/semesterstangt-pa-kontoret-i-alvesta\/#breadcrumb","itemListElement":[{"@type":"ListItem","position":1,"name":"Hem","item":"https:\/\/leaderlinne.se\/"},{"@type":"ListItem","position":2,"name":"Semesterst\u00e4ngt p\u00e5 kontoret i Alvesta!"}]},{"@type":"WebSite","@id":"https:\/\/leaderlinne.se\/#website","url":"https:\/\/leaderlinne.se\/","name":"Leader Linn\u00e9 Sm\u00e5land","description":"You know best what your community needs!","potentialAction":[{"@type":"SearchAction","target":{"@type":"EntryPoint","urlTemplate":"https:\/\/leaderlinne.se\/?s={search_term_string}"},"query-input":{"@type":"PropertyValueSpecification","valueRequired":true,"valueName":"search_term_string"}}],"inLanguage":"en-US"},{"@type":"Person","@id":"https:\/\/leaderlinne.se\/#\/schema\/person\/cd68d7cc186f30b547d3ac8afa4c650d","name":"sofialeaderlinne","image":{"@type":"ImageObject","inLanguage":"en-US","@id":"https:\/\/secure.gravatar.com\/avatar\/0fafd301831eefcd45aaeaee7463754a5bb1cd60415987f6d887dcbc11f3edf5?s=96&d=mm&r=g","url":"https:\/\/secure.gravatar.com\/avatar\/0fafd301831eefcd45aaeaee7463754a5bb1cd60415987f6d887dcbc11f3edf5?s=96&d=mm&r=g","contentUrl":"https:\/\/secure.gravatar.com\/avatar\/0fafd301831eefcd45aaeaee7463754a5bb1cd60415987f6d887dcbc11f3edf5?s=96&d=mm&r=g","caption":"sofialeaderlinne"}}]}},"_links":{"self":[{"href":"https:\/\/leaderlinne.se\/en\/wp-json\/wp\/v2\/posts\/12911","targetHints":{"allow":["GET"]}}],"collection":[{"href":"https:\/\/leaderlinne.se\/en\/wp-json\/wp\/v2\/posts"}],"about":[{"href":"https:\/\/leaderlinne.se\/en\/wp-json\/wp\/v2\/types\/post"}],"author":[{"embeddable":true,"href":"https:\/\/leaderlinne.se\/en\/wp-json\/wp\/v2\/users\/129"}],"replies":[{"embeddable":true,"href":"https:\/\/leaderlinne.se\/en\/wp-json\/wp\/v2\/comments?post=12911"}],"version-history":[{"count":7,"href":"https:\/\/leaderlinne.se\/en\/wp-json\/wp\/v2\/posts\/12911\/revisions"}],"predecessor-version":[{"id":12920,"href":"https:\/\/leaderlinne.se\/en\/wp-json\/wp\/v2\/posts\/12911\/revisions\/12920"}],"wp:featuredmedia":[{"embeddable":true,"href":"https:\/\/leaderlinne.se\/en\/wp-json\/wp\/v2\/media\/12913"}],"wp:attachment":[{"href":"https:\/\/leaderlinne.se\/en\/wp-json\/wp\/v2\/media?parent=12911"}],"wp:term":[{"taxonomy":"category","embeddable":true,"href":"https:\/\/leaderlinne.se\/en\/wp-json\/wp\/v2\/categories?post=12911"},{"taxonomy":"post_tag","embeddable":true,"href":"https:\/\/leaderlinne.se\/en\/wp-json\/wp\/v2\/tags?post=12911"}],"curies":[{"name":"wp","href":"https:\/\/api.w.org\/{rel}","templated":true}]}}