{"id":12792,"date":"2026-06-09T15:29:00","date_gmt":"2026-06-09T13:29:00","guid":{"rendered":"https:\/\/leaderlinne.se\/?p=12792"},"modified":"2026-06-09T15:49:11","modified_gmt":"2026-06-09T13:49:11","slug":"en-fullsatt-kvall-om-beredskapsodling-i-savsjo","status":"publish","type":"post","link":"https:\/\/leaderlinne.se\/en\/en-fullsatt-kvall-om-beredskapsodling-i-savsjo\/","title":{"rendered":"A fully booked evening about emergency cultivation in S\u00e4vsj\u00f6"},"content":{"rendered":"<p>&nbsp;<\/p>\n<p>How can hobby gardeners contribute to Sweden's preparedness? That was the starting point when S\u00e4vsj\u00f6bygdens garden association carried out the project Future in Every Seed with micro-support. <a href=\"https:\/\/leaderlinne.se\/en\/projekt\/rusta-bygden-pengen\/\">Rusta Bygden money<\/a>. The result was a well-attended, appreciated lecture on preparedness gardening and a clear proof that the issue is timely.<\/p>\n<p>In February, participants gathered at the library in S\u00e4vsj\u00f6 to listen to the speaker Johanna Hj\u00e4rtfors, who talked about preparedness gardening and the role hobby gardeners can play in a crisis or war. The interest was great from the start, and after just two days, half of the spots were booked. A total of 51 people participated. Project manager Cecilia Alfheim describes why the topic felt so urgent:<\/p>\n<p>\u2013 There is a lot in the news about the need to increase our preparedness. When you also enjoy gardening, it feels even better to learn in time how to grow your own food so you are prepared if something happens.<\/p>\n<h2>From idea to applying for micro-support<\/h2>\n<p>The project began with a growing interest in preparedness and gardening. The idea was sparked after Cecilia saw how other associations had worked with similar issues:<\/p>\n<p>\u2013 Another garden association in V\u00e4rnamo had organized a lecture on preparedness gardening and they indicated that they had received support from Leader.<\/p>\n<p>With the help of <a href=\"https:\/\/leaderlinne.se\/en\/projekt\/rusta-bygden-pengen\/\">Rusta Bygden money<\/a> the lecture could be conducted free of charge for the participants. Cecilia believes this primarily lowered the threshold and was the reason so many attended. Coffee was also provided, and participants took home seeds as encouragement to start their gardening.<\/p>\n<p>\u2013 It was very easy to both apply for and report the micro-support, and if we get the chance, we would gladly do it again, says Cecilia.<\/p>\n<p>&nbsp;<\/p>\n<pre><img loading=\"lazy\" decoding=\"async\" class=\"alignnone wp-image-12862\" src=\"https:\/\/leaderlinne.se\/wp-content\/uploads\/sites\/52\/2023\/01\/Kort-fran-forelasningen-2-e1781010747686.png\" alt=\"\" width=\"855\" height=\"576\" \/>\r\n<em>Photo: Johanna Hj\u00e4rtfors lectures on preparedness gardening at S\u00e4vsj\u00f6 library.\r\n\r\n<\/em><\/pre>\n<h2>Full house for strengthened preparedness<\/h2>\n<p>The evening was exactly as successful as the association had hoped. That it was fully booked was a good sign, but they also received a lot of positive feedback afterward:<\/p>\n<p>\u2013 After the lecture, many came up and said how good and thought-provoking it had been, Cecilia recounts.<\/p>\n<p>The lecture also provided new perspectives, even for those who were already engaged. One tip that Cecilia took with her was that you must ensure to have your own stock of seeds in addition to fertilizer, water, and good soil.<\/p>\n<p>&nbsp;<\/p>\n<h2><img loading=\"lazy\" decoding=\"async\" class=\"alignnone wp-image-12860\" src=\"https:\/\/leaderlinne.se\/wp-content\/uploads\/sites\/52\/2023\/01\/pauline-bernard-vB1K-7cUaoc-unsplash-scaled.jpg\" alt=\"\" width=\"275\" height=\"412\" \/>\u00a0 \u00a0 <img loading=\"lazy\" decoding=\"async\" class=\"alignnone wp-image-12859\" src=\"https:\/\/leaderlinne.se\/wp-content\/uploads\/sites\/52\/2023\/01\/mohamed-marey-8ECD-iA1a00-unsplash-scaled.jpg\" alt=\"\" width=\"555\" height=\"416\" \/><\/h2>\n<p>&nbsp;<\/p>\n<h2>The association looks ahead<\/h2>\n<p>The garden association is now looking forward to building on the engagement, among other things through a gardening flea market where seeds and plants can be shared. They want the lecture to be a step for everyone to think more and grow more sustainable food.<\/p>\n<p>\u2013 Not just growing tomatoes and cucumbers as many of us hobby gardeners do. I myself will try my hand at squash, onions, pumpkins, and cabbage this year, Cecilia concludes.<\/p>\n<p>&nbsp;<\/p>\n<pre><img loading=\"lazy\" decoding=\"async\" class=\"alignnone wp-image-12854\" src=\"https:\/\/leaderlinne.se\/wp-content\/uploads\/sites\/52\/2026\/06\/623841468_18069528980166412_4198669316270017744_n.jpg\" alt=\"\" width=\"859\" height=\"644\" \/>\r\n<em>Photo: Members of the garden association at the Christmas market 2025.<\/em><\/pre>\n<p>&nbsp;<\/p>\n<h3><strong>About S\u00e4vsj\u00f6bygdens Garden Association<\/strong><\/h3>\n<p>Behind the initiative is a volunteer-driven garden association with strong local roots. The association gathers people with a common interest in gardening and horticulture and serves as a platform for knowledge exchange, inspiration, and joint activities in the community.<\/p>\n<p>&nbsp;<\/p>\n<hr \/>\n<p>&nbsp;<\/p>\n<p><strong>Don't miss following S\u00e4vsj\u00f6ortens garden association on social media!<\/strong><\/p>\n<p><span style=\"color: #339966;\"><a style=\"color: #339966;\" href=\"https:\/\/www.instagram.com\/savsjobygdenstradgardsforening\/\">Instagram<\/a><\/span><br \/>\n<span style=\"color: #339966;\"><a style=\"color: #339966;\" href=\"https:\/\/www.facebook.com\/groups\/1006259759853304\/\">Facebook<\/a><\/span><\/p>\n<p>&nbsp;<\/p>\n<hr \/>\n<p><span style=\"color: #999999;\">Published: June 9, 2026<\/span><\/p>\n<p>&nbsp;<\/p>","protected":false},"excerpt":{"rendered":"<p>A fully booked lecture, strong engagement, and future optimism in focus. Future in every seed shows how local cultivation can contribute to increased preparedness.<\/p>","protected":false},"author":129,"featured_media":12855,"comment_status":"closed","ping_status":"closed","sticky":false,"template":"","format":"standard","meta":{"_acf_changed":false,"_et_pb_use_builder":"","_et_pb_old_content":"","_et_gb_content_width":"","footnotes":"","_links_to":"","_links_to_target":""},"categories":[1,33],"tags":[],"class_list":["post-12792","post","type-post","status-publish","format-standard","has-post-thumbnail","hentry","category-nyhet","category-reportage"],"acf":[],"yoast_head":"<!-- This site is optimized with the Yoast SEO plugin v28.2 - https:\/\/yoast.com\/product\/yoast-seo-wordpress\/ -->\n<title>En fullsatt kv\u00e4ll om beredskapsodling i S\u00e4vsj\u00f6 - Leader Linn\u00e9 Sm\u00e5land<\/title>\n<meta name=\"robots\" content=\"index, follow, max-snippet:-1, max-image-preview:large, max-video-preview:-1\" \/>\n<link rel=\"canonical\" href=\"https:\/\/leaderlinne.se\/en\/en-fullsatt-kvall-om-beredskapsodling-i-savsjo\/\" \/>\n<meta property=\"og:locale\" content=\"en_US\" \/>\n<meta property=\"og:type\" content=\"article\" \/>\n<meta property=\"og:title\" content=\"En fullsatt kv\u00e4ll om beredskapsodling i S\u00e4vsj\u00f6 - Leader Linn\u00e9 Sm\u00e5land\" \/>\n<meta property=\"og:description\" content=\"En fullsatt f\u00f6rel\u00e4sning, starkt engagemang och framtidstro i fokus. Framtid i varje fr\u00f6 visar hur lokal odling kan bidra till \u00f6kad beredskap.\" \/>\n<meta property=\"og:url\" content=\"https:\/\/leaderlinne.se\/en\/en-fullsatt-kvall-om-beredskapsodling-i-savsjo\/\" \/>\n<meta property=\"og:site_name\" content=\"Leader Linn\u00e9 Sm\u00e5land\" \/>\n<meta property=\"article:published_time\" content=\"2026-06-09T13:29:00+00:00\" \/>\n<meta property=\"article:modified_time\" content=\"2026-06-09T13:49:11+00:00\" \/>\n<meta property=\"og:image\" content=\"https:\/\/leaderlinne.se\/wp-content\/uploads\/sites\/52\/2023\/01\/markus-spiske-vyHo3nnk8G8-unsplash-scaled-e1781010829356.jpg\" \/>\n\t<meta property=\"og:image:width\" content=\"2266\" \/>\n\t<meta property=\"og:image:height\" content=\"1242\" \/>\n\t<meta property=\"og:image:type\" content=\"image\/jpeg\" \/>\n<meta name=\"author\" content=\"sofialeaderlinne\" \/>\n<meta name=\"twitter:card\" content=\"summary_large_image\" \/>\n<meta name=\"twitter:label1\" content=\"Written by\" \/>\n\t<meta name=\"twitter:data1\" content=\"sofialeaderlinne\" \/>\n\t<meta name=\"twitter:label2\" content=\"Est. reading time\" \/>\n\t<meta name=\"twitter:data2\" content=\"4 minutes\" \/>\n<script type=\"application\/ld+json\" class=\"yoast-schema-graph\">{\"@context\":\"https:\\\/\\\/schema.org\",\"@graph\":[{\"@type\":\"Article\",\"@id\":\"https:\\\/\\\/leaderlinne.se\\\/en-fullsatt-kvall-om-beredskapsodling-i-savsjo\\\/#article\",\"isPartOf\":{\"@id\":\"https:\\\/\\\/leaderlinne.se\\\/en-fullsatt-kvall-om-beredskapsodling-i-savsjo\\\/\"},\"author\":{\"name\":\"sofialeaderlinne\",\"@id\":\"https:\\\/\\\/leaderlinne.se\\\/#\\\/schema\\\/person\\\/cd68d7cc186f30b547d3ac8afa4c650d\"},\"headline\":\"En fullsatt kv\u00e4ll om beredskapsodling i S\u00e4vsj\u00f6\",\"datePublished\":\"2026-06-09T13:29:00+00:00\",\"dateModified\":\"2026-06-09T13:49:11+00:00\",\"mainEntityOfPage\":{\"@id\":\"https:\\\/\\\/leaderlinne.se\\\/en-fullsatt-kvall-om-beredskapsodling-i-savsjo\\\/\"},\"wordCount\":635,\"image\":{\"@id\":\"https:\\\/\\\/leaderlinne.se\\\/en-fullsatt-kvall-om-beredskapsodling-i-savsjo\\\/#primaryimage\"},\"thumbnailUrl\":\"https:\\\/\\\/leaderlinne.se\\\/wp-content\\\/uploads\\\/sites\\\/52\\\/2023\\\/01\\\/markus-spiske-vyHo3nnk8G8-unsplash-scaled-e1781010829356.jpg\",\"articleSection\":[\"Nyheter\",\"Reportage\"],\"inLanguage\":\"en-US\"},{\"@type\":\"WebPage\",\"@id\":\"https:\\\/\\\/leaderlinne.se\\\/en-fullsatt-kvall-om-beredskapsodling-i-savsjo\\\/\",\"url\":\"https:\\\/\\\/leaderlinne.se\\\/en-fullsatt-kvall-om-beredskapsodling-i-savsjo\\\/\",\"name\":\"En fullsatt kv\u00e4ll om beredskapsodling i S\u00e4vsj\u00f6 - Leader Linn\u00e9 Sm\u00e5land\",\"isPartOf\":{\"@id\":\"https:\\\/\\\/leaderlinne.se\\\/#website\"},\"primaryImageOfPage\":{\"@id\":\"https:\\\/\\\/leaderlinne.se\\\/en-fullsatt-kvall-om-beredskapsodling-i-savsjo\\\/#primaryimage\"},\"image\":{\"@id\":\"https:\\\/\\\/leaderlinne.se\\\/en-fullsatt-kvall-om-beredskapsodling-i-savsjo\\\/#primaryimage\"},\"thumbnailUrl\":\"https:\\\/\\\/leaderlinne.se\\\/wp-content\\\/uploads\\\/sites\\\/52\\\/2023\\\/01\\\/markus-spiske-vyHo3nnk8G8-unsplash-scaled-e1781010829356.jpg\",\"datePublished\":\"2026-06-09T13:29:00+00:00\",\"dateModified\":\"2026-06-09T13:49:11+00:00\",\"author\":{\"@id\":\"https:\\\/\\\/leaderlinne.se\\\/#\\\/schema\\\/person\\\/cd68d7cc186f30b547d3ac8afa4c650d\"},\"breadcrumb\":{\"@id\":\"https:\\\/\\\/leaderlinne.se\\\/en-fullsatt-kvall-om-beredskapsodling-i-savsjo\\\/#breadcrumb\"},\"inLanguage\":\"en-US\",\"potentialAction\":[{\"@type\":\"ReadAction\",\"target\":[\"https:\\\/\\\/leaderlinne.se\\\/en-fullsatt-kvall-om-beredskapsodling-i-savsjo\\\/\"]}]},{\"@type\":\"ImageObject\",\"inLanguage\":\"en-US\",\"@id\":\"https:\\\/\\\/leaderlinne.se\\\/en-fullsatt-kvall-om-beredskapsodling-i-savsjo\\\/#primaryimage\",\"url\":\"https:\\\/\\\/leaderlinne.se\\\/wp-content\\\/uploads\\\/sites\\\/52\\\/2023\\\/01\\\/markus-spiske-vyHo3nnk8G8-unsplash-scaled-e1781010829356.jpg\",\"contentUrl\":\"https:\\\/\\\/leaderlinne.se\\\/wp-content\\\/uploads\\\/sites\\\/52\\\/2023\\\/01\\\/markus-spiske-vyHo3nnk8G8-unsplash-scaled-e1781010829356.jpg\",\"width\":2266,\"height\":1242},{\"@type\":\"BreadcrumbList\",\"@id\":\"https:\\\/\\\/leaderlinne.se\\\/en-fullsatt-kvall-om-beredskapsodling-i-savsjo\\\/#breadcrumb\",\"itemListElement\":[{\"@type\":\"ListItem\",\"position\":1,\"name\":\"Hem\",\"item\":\"https:\\\/\\\/leaderlinne.se\\\/\"},{\"@type\":\"ListItem\",\"position\":2,\"name\":\"En fullsatt kv\u00e4ll om beredskapsodling i S\u00e4vsj\u00f6\"}]},{\"@type\":\"WebSite\",\"@id\":\"https:\\\/\\\/leaderlinne.se\\\/#website\",\"url\":\"https:\\\/\\\/leaderlinne.se\\\/\",\"name\":\"Leader Linn\u00e9 Sm\u00e5land\",\"description\":\"Du vet b\u00e4st vad din bygd beh\u00f6ver!\",\"potentialAction\":[{\"@type\":\"SearchAction\",\"target\":{\"@type\":\"EntryPoint\",\"urlTemplate\":\"https:\\\/\\\/leaderlinne.se\\\/?s={search_term_string}\"},\"query-input\":{\"@type\":\"PropertyValueSpecification\",\"valueRequired\":true,\"valueName\":\"search_term_string\"}}],\"inLanguage\":\"en-US\"},{\"@type\":\"Person\",\"@id\":\"https:\\\/\\\/leaderlinne.se\\\/#\\\/schema\\\/person\\\/cd68d7cc186f30b547d3ac8afa4c650d\",\"name\":\"sofialeaderlinne\",\"image\":{\"@type\":\"ImageObject\",\"inLanguage\":\"en-US\",\"@id\":\"https:\\\/\\\/secure.gravatar.com\\\/avatar\\\/0fafd301831eefcd45aaeaee7463754a5bb1cd60415987f6d887dcbc11f3edf5?s=96&d=mm&r=g\",\"url\":\"https:\\\/\\\/secure.gravatar.com\\\/avatar\\\/0fafd301831eefcd45aaeaee7463754a5bb1cd60415987f6d887dcbc11f3edf5?s=96&d=mm&r=g\",\"contentUrl\":\"https:\\\/\\\/secure.gravatar.com\\\/avatar\\\/0fafd301831eefcd45aaeaee7463754a5bb1cd60415987f6d887dcbc11f3edf5?s=96&d=mm&r=g\",\"caption\":\"sofialeaderlinne\"}}]}<\/script>\n<!-- \/ Yoast SEO plugin. -->","yoast_head_json":{"title":"En fullsatt kv\u00e4ll om beredskapsodling i S\u00e4vsj\u00f6 - Leader Linn\u00e9 Sm\u00e5land","robots":{"index":"index","follow":"follow","max-snippet":"max-snippet:-1","max-image-preview":"max-image-preview:large","max-video-preview":"max-video-preview:-1"},"canonical":"https:\/\/leaderlinne.se\/en\/en-fullsatt-kvall-om-beredskapsodling-i-savsjo\/","og_locale":"en_US","og_type":"article","og_title":"En fullsatt kv\u00e4ll om beredskapsodling i S\u00e4vsj\u00f6 - Leader Linn\u00e9 Sm\u00e5land","og_description":"En fullsatt f\u00f6rel\u00e4sning, starkt engagemang och framtidstro i fokus. Framtid i varje fr\u00f6 visar hur lokal odling kan bidra till \u00f6kad beredskap.","og_url":"https:\/\/leaderlinne.se\/en\/en-fullsatt-kvall-om-beredskapsodling-i-savsjo\/","og_site_name":"Leader Linn\u00e9 Sm\u00e5land","article_published_time":"2026-06-09T13:29:00+00:00","article_modified_time":"2026-06-09T13:49:11+00:00","og_image":[{"width":2266,"height":1242,"url":"https:\/\/leaderlinne.se\/wp-content\/uploads\/sites\/52\/2023\/01\/markus-spiske-vyHo3nnk8G8-unsplash-scaled-e1781010829356.jpg","type":"image\/jpeg"}],"author":"sofialeaderlinne","twitter_card":"summary_large_image","twitter_misc":{"Written by":"sofialeaderlinne","Est. reading time":"4 minutes"},"schema":{"@context":"https:\/\/schema.org","@graph":[{"@type":"Article","@id":"https:\/\/leaderlinne.se\/en-fullsatt-kvall-om-beredskapsodling-i-savsjo\/#article","isPartOf":{"@id":"https:\/\/leaderlinne.se\/en-fullsatt-kvall-om-beredskapsodling-i-savsjo\/"},"author":{"name":"sofialeaderlinne","@id":"https:\/\/leaderlinne.se\/#\/schema\/person\/cd68d7cc186f30b547d3ac8afa4c650d"},"headline":"En fullsatt kv\u00e4ll om beredskapsodling i S\u00e4vsj\u00f6","datePublished":"2026-06-09T13:29:00+00:00","dateModified":"2026-06-09T13:49:11+00:00","mainEntityOfPage":{"@id":"https:\/\/leaderlinne.se\/en-fullsatt-kvall-om-beredskapsodling-i-savsjo\/"},"wordCount":635,"image":{"@id":"https:\/\/leaderlinne.se\/en-fullsatt-kvall-om-beredskapsodling-i-savsjo\/#primaryimage"},"thumbnailUrl":"https:\/\/leaderlinne.se\/wp-content\/uploads\/sites\/52\/2023\/01\/markus-spiske-vyHo3nnk8G8-unsplash-scaled-e1781010829356.jpg","articleSection":["Nyheter","Reportage"],"inLanguage":"en-US"},{"@type":"WebPage","@id":"https:\/\/leaderlinne.se\/en-fullsatt-kvall-om-beredskapsodling-i-savsjo\/","url":"https:\/\/leaderlinne.se\/en-fullsatt-kvall-om-beredskapsodling-i-savsjo\/","name":"En fullsatt kv\u00e4ll om beredskapsodling i S\u00e4vsj\u00f6 - Leader Linn\u00e9 Sm\u00e5land","isPartOf":{"@id":"https:\/\/leaderlinne.se\/#website"},"primaryImageOfPage":{"@id":"https:\/\/leaderlinne.se\/en-fullsatt-kvall-om-beredskapsodling-i-savsjo\/#primaryimage"},"image":{"@id":"https:\/\/leaderlinne.se\/en-fullsatt-kvall-om-beredskapsodling-i-savsjo\/#primaryimage"},"thumbnailUrl":"https:\/\/leaderlinne.se\/wp-content\/uploads\/sites\/52\/2023\/01\/markus-spiske-vyHo3nnk8G8-unsplash-scaled-e1781010829356.jpg","datePublished":"2026-06-09T13:29:00+00:00","dateModified":"2026-06-09T13:49:11+00:00","author":{"@id":"https:\/\/leaderlinne.se\/#\/schema\/person\/cd68d7cc186f30b547d3ac8afa4c650d"},"breadcrumb":{"@id":"https:\/\/leaderlinne.se\/en-fullsatt-kvall-om-beredskapsodling-i-savsjo\/#breadcrumb"},"inLanguage":"en-US","potentialAction":[{"@type":"ReadAction","target":["https:\/\/leaderlinne.se\/en-fullsatt-kvall-om-beredskapsodling-i-savsjo\/"]}]},{"@type":"ImageObject","inLanguage":"en-US","@id":"https:\/\/leaderlinne.se\/en-fullsatt-kvall-om-beredskapsodling-i-savsjo\/#primaryimage","url":"https:\/\/leaderlinne.se\/wp-content\/uploads\/sites\/52\/2023\/01\/markus-spiske-vyHo3nnk8G8-unsplash-scaled-e1781010829356.jpg","contentUrl":"https:\/\/leaderlinne.se\/wp-content\/uploads\/sites\/52\/2023\/01\/markus-spiske-vyHo3nnk8G8-unsplash-scaled-e1781010829356.jpg","width":2266,"height":1242},{"@type":"BreadcrumbList","@id":"https:\/\/leaderlinne.se\/en-fullsatt-kvall-om-beredskapsodling-i-savsjo\/#breadcrumb","itemListElement":[{"@type":"ListItem","position":1,"name":"Hem","item":"https:\/\/leaderlinne.se\/"},{"@type":"ListItem","position":2,"name":"En fullsatt kv\u00e4ll om beredskapsodling i S\u00e4vsj\u00f6"}]},{"@type":"WebSite","@id":"https:\/\/leaderlinne.se\/#website","url":"https:\/\/leaderlinne.se\/","name":"Leader Linn\u00e9 Sm\u00e5land","description":"Du vet b\u00e4st vad din bygd beh\u00f6ver!","potentialAction":[{"@type":"SearchAction","target":{"@type":"EntryPoint","urlTemplate":"https:\/\/leaderlinne.se\/?s={search_term_string}"},"query-input":{"@type":"PropertyValueSpecification","valueRequired":true,"valueName":"search_term_string"}}],"inLanguage":"en-US"},{"@type":"Person","@id":"https:\/\/leaderlinne.se\/#\/schema\/person\/cd68d7cc186f30b547d3ac8afa4c650d","name":"sofialeaderlinne","image":{"@type":"ImageObject","inLanguage":"en-US","@id":"https:\/\/secure.gravatar.com\/avatar\/0fafd301831eefcd45aaeaee7463754a5bb1cd60415987f6d887dcbc11f3edf5?s=96&d=mm&r=g","url":"https:\/\/secure.gravatar.com\/avatar\/0fafd301831eefcd45aaeaee7463754a5bb1cd60415987f6d887dcbc11f3edf5?s=96&d=mm&r=g","contentUrl":"https:\/\/secure.gravatar.com\/avatar\/0fafd301831eefcd45aaeaee7463754a5bb1cd60415987f6d887dcbc11f3edf5?s=96&d=mm&r=g","caption":"sofialeaderlinne"}}]}},"_links":{"self":[{"href":"https:\/\/leaderlinne.se\/en\/wp-json\/wp\/v2\/posts\/12792","targetHints":{"allow":["GET"]}}],"collection":[{"href":"https:\/\/leaderlinne.se\/en\/wp-json\/wp\/v2\/posts"}],"about":[{"href":"https:\/\/leaderlinne.se\/en\/wp-json\/wp\/v2\/types\/post"}],"author":[{"embeddable":true,"href":"https:\/\/leaderlinne.se\/en\/wp-json\/wp\/v2\/users\/129"}],"replies":[{"embeddable":true,"href":"https:\/\/leaderlinne.se\/en\/wp-json\/wp\/v2\/comments?post=12792"}],"version-history":[{"count":27,"href":"https:\/\/leaderlinne.se\/en\/wp-json\/wp\/v2\/posts\/12792\/revisions"}],"predecessor-version":[{"id":12884,"href":"https:\/\/leaderlinne.se\/en\/wp-json\/wp\/v2\/posts\/12792\/revisions\/12884"}],"wp:featuredmedia":[{"embeddable":true,"href":"https:\/\/leaderlinne.se\/en\/wp-json\/wp\/v2\/media\/12855"}],"wp:attachment":[{"href":"https:\/\/leaderlinne.se\/en\/wp-json\/wp\/v2\/media?parent=12792"}],"wp:term":[{"taxonomy":"category","embeddable":true,"href":"https:\/\/leaderlinne.se\/en\/wp-json\/wp\/v2\/categories?post=12792"},{"taxonomy":"post_tag","embeddable":true,"href":"https:\/\/leaderlinne.se\/en\/wp-json\/wp\/v2\/tags?post=12792"}],"curies":[{"name":"wp","href":"https:\/\/api.w.org\/{rel}","templated":true}]}}