{"id":12341,"date":"2026-03-23T14:49:33","date_gmt":"2026-03-23T14:49:33","guid":{"rendered":"https:\/\/leaderlinne.se\/?p=12341"},"modified":"2026-04-15T10:58:46","modified_gmt":"2026-04-15T10:58:46","slug":"bysafari","status":"publish","type":"post","link":"https:\/\/leaderlinne.se\/en\/bysafari\/","title":{"rendered":"Village safari with Expedition Cultural Heritage"},"content":{"rendered":"<p>&nbsp;<\/p>\n<h3>Welcome to be inspired by local cultural heritage in Sm\u00e5land!<\/h3>\n<p>&nbsp;<\/p>\n<p><b data-olk-copy-source=\"MessageBody\">On April 25th<\/b> it is finally time for our project <strong>Cultural Villages<\/strong> and the initiative<b>\u00a0Expedition Cultural Heritage\u00a0<\/b>to hold its first \u201dvillage safari.\u201d A local study trip that this time goes through S\u00e4vsj\u00f6 municipality, where we will meet passionate individuals who have found different ways to share their cultural heritage. There will be a strong focus on how to make history come alive, from theater and music to crafts and food culture.<\/p>\n<p>We invite those who are passionate about cultural heritage to join us for a full day where we will meet entrepreneurs and volunteers who work to keep the Sm\u00e5land history alive. Those who are already participating in or want to be part of the project have first dibs, but everyone interested in cultural heritage is welcome to join.<\/p>\n<p><strong>Last registration date: April 17th<\/strong><\/p>\n<p>&nbsp;<\/p>\n<h3>Practical info<\/h3>\n<p>We will have our own bus leaving from Alvesta at 09:30. Participants can hop on there or on the way to Vrigstad, alternatively make their way to the destinations on their own. The project covers lunch and snacks.<br \/>\nWe have a limited number of places, so register in good time. Also, inform about special dietary needs and choice of transport.<\/p>\n<p>For questions and registration, contact Sofia Jaeger at: <a href=\"mailto:sofia@leaderlinne.se\">sofia@leaderlinne.se<\/a> or tel. 070 56 00 243.<\/p>\n<p>Download the entire invitation and program in PDF here: <a href=\"https:\/\/leaderlinne.se\/wp-content\/uploads\/sites\/52\/2026\/03\/Bysafari-var-2026.pdf\">Village safari spring 2026<\/a><\/p>\n<p>&nbsp;<\/p>\n<p><img loading=\"lazy\" decoding=\"async\" class=\"alignnone wp-image-12349\" src=\"https:\/\/leaderlinne.se\/wp-content\/uploads\/sites\/52\/2026\/03\/Pa-jakt-efter-lokala-1.png\" alt=\"\" width=\"311\" height=\"163\" \/><\/p>\n<p>&nbsp;<\/p>\n<h3>Schedule for the day<\/h3>\n<p>&nbsp;<\/p>\n<p><strong>09:30 Departure from Alvesta<\/strong><br \/>\nGathering in the parking lot at Alvesta Folkets hus for those who want to ride with our village safari bus.<\/p>\n<p><strong>10:30 Visit to Gamla Bankg\u00e5rden in Vrigstad<\/strong><br \/>\nThe guides will tell about the work to preserve the old premises and how the idea of offering historical coffee parties emerged. With time for conversation and exchange of experiences. Read more: <a href=\"http:\/\/bankgarden.se\">bankgarden.se <\/a><\/p>\n<p><strong>12:00 Visit and lunch at Forssa Kvarnag\u00e5rd<\/strong><br \/>\nThe owner Claes showcases the mill and tells about their journey from miller to pizza baker. He also shares their best tips for running a tourism business. Read more: <a href=\"http:\/\/forssakvarnagard.se\">forssakvarnagard.se<\/a><br \/>\n<strong>Lunch:<\/strong> We will try Forssa's own Sm\u00e5land sourdough pizza \u2013 with isterband and potatoes.<\/p>\n<p><strong>14:00 Visit to Komstad mill<\/strong><br \/>\nGuided tour in the mill area, with the local shop and the courthouse. Read more: <a href=\"http:\/\/komstadkvarn.se\">komstadkvarn.se<\/a><br \/>\n<strong>Snack: <\/strong>Ostkaka and presentation with Olof and Anna-Karin Rostedt, who show films from their outdoor theater and talk about how they work to bring Komstad to life for visitors.<\/p>\n<p><strong>Around 16:00 Return trip<\/strong><\/p>\n<p>&nbsp;<\/p>\n<p>Expedition Cultural Heritage is a local initiative where three different projects, sharing the purpose of preserving cultural heritage in Sm\u00e5land, collaborate. The projects themselves are run individually by Leader Linn\u00e9 Sm\u00e5land (Cultural Villages), Studief\u00f6rbundet Vuxenskolan Kronoberg (The Local Cultural Gold) and Coompanion Kronoberg (Cultural Heritage Power). All three are co-financed by the European organization.<\/p>\n<p>&nbsp;<\/p>\n<hr \/>\n<p><span style=\"color: #999999;\">Published: March 23, 2026\u00a0<\/span><\/p>\n<p>&nbsp;<\/p>\n<p><img loading=\"lazy\" decoding=\"async\" class=\"alignnone wp-image-10522\" src=\"https:\/\/leaderlinne.leadersverige.se\/wp-content\/uploads\/sites\/52\/2023\/01\/SV-V-Medfinansieras-av-Europeiska-unionen_POS-4.png\" alt=\"\" width=\"171\" height=\"173\" \/>\u00a0 \u00a0 \u00a0 <img loading=\"lazy\" decoding=\"async\" class=\"alignnone wp-image-10688\" src=\"https:\/\/leaderlinne.leadersverige.se\/wp-content\/uploads\/sites\/52\/2025\/11\/logo-gul_box_M.png\" alt=\"\" width=\"178\" height=\"106\" \/><\/p>\n<p>&nbsp;<\/p>\n<p>&nbsp;<\/p>","protected":false},"excerpt":{"rendered":"<p>Expedition Cultural Heritage and the project Cultural Villages present: Village Safari! A study trip through S\u00e4vsj\u00f6 on Saturday, April 25. <\/p>","protected":false},"author":129,"featured_media":12351,"comment_status":"closed","ping_status":"closed","sticky":false,"template":"","format":"standard","meta":{"_acf_changed":false,"_et_pb_use_builder":"","_et_pb_old_content":"","_et_gb_content_width":"","footnotes":"","_links_to":"","_links_to_target":""},"categories":[73,1],"tags":[],"class_list":["post-12341","post","type-post","status-publish","format-standard","has-post-thumbnail","hentry","category-kultur","category-nyhet"],"acf":[],"yoast_head":"<!-- This site is optimized with the Yoast SEO plugin v28.2 - https:\/\/yoast.com\/product\/yoast-seo-wordpress\/ -->\n<title>Bysafari med Expedition Kulturarv - Leader Linn\u00e9 Sm\u00e5land<\/title>\n<meta name=\"robots\" content=\"index, follow, max-snippet:-1, max-image-preview:large, max-video-preview:-1\" \/>\n<link rel=\"canonical\" href=\"https:\/\/leaderlinne.se\/en\/bysafari\/\" \/>\n<meta property=\"og:locale\" content=\"en_US\" \/>\n<meta property=\"og:type\" content=\"article\" \/>\n<meta property=\"og:title\" content=\"Bysafari med Expedition Kulturarv - Leader Linn\u00e9 Sm\u00e5land\" \/>\n<meta property=\"og:description\" content=\"Expedition Kulturarv och projektet Cultural Villages presenterar: Bysafari! En studieresa genom S\u00e4vsj\u00f6 l\u00f6rdagen den 25 april.\" \/>\n<meta property=\"og:url\" content=\"https:\/\/leaderlinne.se\/en\/bysafari\/\" \/>\n<meta property=\"og:site_name\" content=\"Leader Linn\u00e9 Sm\u00e5land\" \/>\n<meta property=\"article:published_time\" content=\"2026-03-23T14:49:33+00:00\" \/>\n<meta property=\"article:modified_time\" content=\"2026-04-15T10:58:46+00:00\" \/>\n<meta property=\"og:image\" content=\"https:\/\/leaderlinne.se\/wp-content\/uploads\/sites\/52\/2026\/03\/Pa-jakt-efter-lokala-2.png\" \/>\n\t<meta property=\"og:image:width\" content=\"1718\" \/>\n\t<meta property=\"og:image:height\" content=\"772\" \/>\n\t<meta property=\"og:image:type\" content=\"image\/png\" \/>\n<meta name=\"author\" content=\"sofialeaderlinne\" \/>\n<meta name=\"twitter:card\" content=\"summary_large_image\" \/>\n<meta name=\"twitter:label1\" content=\"Written by\" \/>\n\t<meta name=\"twitter:data1\" content=\"sofialeaderlinne\" \/>\n\t<meta name=\"twitter:label2\" content=\"Est. reading time\" \/>\n\t<meta name=\"twitter:data2\" content=\"3 minutes\" \/>\n<script type=\"application\/ld+json\" class=\"yoast-schema-graph\">{\"@context\":\"https:\\\/\\\/schema.org\",\"@graph\":[{\"@type\":\"Article\",\"@id\":\"https:\\\/\\\/leaderlinne.se\\\/bysafari\\\/#article\",\"isPartOf\":{\"@id\":\"https:\\\/\\\/leaderlinne.se\\\/bysafari\\\/\"},\"author\":{\"name\":\"sofialeaderlinne\",\"@id\":\"https:\\\/\\\/leaderlinne.se\\\/#\\\/schema\\\/person\\\/cd68d7cc186f30b547d3ac8afa4c650d\"},\"headline\":\"Bysafari med Expedition Kulturarv\",\"datePublished\":\"2026-03-23T14:49:33+00:00\",\"dateModified\":\"2026-04-15T10:58:46+00:00\",\"mainEntityOfPage\":{\"@id\":\"https:\\\/\\\/leaderlinne.se\\\/bysafari\\\/\"},\"wordCount\":519,\"image\":{\"@id\":\"https:\\\/\\\/leaderlinne.se\\\/bysafari\\\/#primaryimage\"},\"thumbnailUrl\":\"https:\\\/\\\/leaderlinne.se\\\/wp-content\\\/uploads\\\/sites\\\/52\\\/2026\\\/03\\\/Pa-jakt-efter-lokala-2.png\",\"articleSection\":[\"Expedition Kulturarv\",\"Nyheter\"],\"inLanguage\":\"en-US\"},{\"@type\":\"WebPage\",\"@id\":\"https:\\\/\\\/leaderlinne.se\\\/bysafari\\\/\",\"url\":\"https:\\\/\\\/leaderlinne.se\\\/bysafari\\\/\",\"name\":\"Bysafari med Expedition Kulturarv - Leader Linn\u00e9 Sm\u00e5land\",\"isPartOf\":{\"@id\":\"https:\\\/\\\/leaderlinne.se\\\/#website\"},\"primaryImageOfPage\":{\"@id\":\"https:\\\/\\\/leaderlinne.se\\\/bysafari\\\/#primaryimage\"},\"image\":{\"@id\":\"https:\\\/\\\/leaderlinne.se\\\/bysafari\\\/#primaryimage\"},\"thumbnailUrl\":\"https:\\\/\\\/leaderlinne.se\\\/wp-content\\\/uploads\\\/sites\\\/52\\\/2026\\\/03\\\/Pa-jakt-efter-lokala-2.png\",\"datePublished\":\"2026-03-23T14:49:33+00:00\",\"dateModified\":\"2026-04-15T10:58:46+00:00\",\"author\":{\"@id\":\"https:\\\/\\\/leaderlinne.se\\\/#\\\/schema\\\/person\\\/cd68d7cc186f30b547d3ac8afa4c650d\"},\"breadcrumb\":{\"@id\":\"https:\\\/\\\/leaderlinne.se\\\/bysafari\\\/#breadcrumb\"},\"inLanguage\":\"en-US\",\"potentialAction\":[{\"@type\":\"ReadAction\",\"target\":[\"https:\\\/\\\/leaderlinne.se\\\/bysafari\\\/\"]}]},{\"@type\":\"ImageObject\",\"inLanguage\":\"en-US\",\"@id\":\"https:\\\/\\\/leaderlinne.se\\\/bysafari\\\/#primaryimage\",\"url\":\"https:\\\/\\\/leaderlinne.se\\\/wp-content\\\/uploads\\\/sites\\\/52\\\/2026\\\/03\\\/Pa-jakt-efter-lokala-2.png\",\"contentUrl\":\"https:\\\/\\\/leaderlinne.se\\\/wp-content\\\/uploads\\\/sites\\\/52\\\/2026\\\/03\\\/Pa-jakt-efter-lokala-2.png\",\"width\":1718,\"height\":772},{\"@type\":\"BreadcrumbList\",\"@id\":\"https:\\\/\\\/leaderlinne.se\\\/bysafari\\\/#breadcrumb\",\"itemListElement\":[{\"@type\":\"ListItem\",\"position\":1,\"name\":\"Hem\",\"item\":\"https:\\\/\\\/leaderlinne.se\\\/\"},{\"@type\":\"ListItem\",\"position\":2,\"name\":\"Bysafari med Expedition Kulturarv\"}]},{\"@type\":\"WebSite\",\"@id\":\"https:\\\/\\\/leaderlinne.se\\\/#website\",\"url\":\"https:\\\/\\\/leaderlinne.se\\\/\",\"name\":\"Leader Linn\u00e9 Sm\u00e5land\",\"description\":\"Du vet b\u00e4st vad din bygd beh\u00f6ver!\",\"potentialAction\":[{\"@type\":\"SearchAction\",\"target\":{\"@type\":\"EntryPoint\",\"urlTemplate\":\"https:\\\/\\\/leaderlinne.se\\\/?s={search_term_string}\"},\"query-input\":{\"@type\":\"PropertyValueSpecification\",\"valueRequired\":true,\"valueName\":\"search_term_string\"}}],\"inLanguage\":\"en-US\"},{\"@type\":\"Person\",\"@id\":\"https:\\\/\\\/leaderlinne.se\\\/#\\\/schema\\\/person\\\/cd68d7cc186f30b547d3ac8afa4c650d\",\"name\":\"sofialeaderlinne\",\"image\":{\"@type\":\"ImageObject\",\"inLanguage\":\"en-US\",\"@id\":\"https:\\\/\\\/secure.gravatar.com\\\/avatar\\\/0fafd301831eefcd45aaeaee7463754a5bb1cd60415987f6d887dcbc11f3edf5?s=96&d=mm&r=g\",\"url\":\"https:\\\/\\\/secure.gravatar.com\\\/avatar\\\/0fafd301831eefcd45aaeaee7463754a5bb1cd60415987f6d887dcbc11f3edf5?s=96&d=mm&r=g\",\"contentUrl\":\"https:\\\/\\\/secure.gravatar.com\\\/avatar\\\/0fafd301831eefcd45aaeaee7463754a5bb1cd60415987f6d887dcbc11f3edf5?s=96&d=mm&r=g\",\"caption\":\"sofialeaderlinne\"}}]}<\/script>\n<!-- \/ Yoast SEO plugin. -->","yoast_head_json":{"title":"Bysafari med Expedition Kulturarv - Leader Linn\u00e9 Sm\u00e5land","robots":{"index":"index","follow":"follow","max-snippet":"max-snippet:-1","max-image-preview":"max-image-preview:large","max-video-preview":"max-video-preview:-1"},"canonical":"https:\/\/leaderlinne.se\/en\/bysafari\/","og_locale":"en_US","og_type":"article","og_title":"Bysafari med Expedition Kulturarv - Leader Linn\u00e9 Sm\u00e5land","og_description":"Expedition Kulturarv och projektet Cultural Villages presenterar: Bysafari! En studieresa genom S\u00e4vsj\u00f6 l\u00f6rdagen den 25 april.","og_url":"https:\/\/leaderlinne.se\/en\/bysafari\/","og_site_name":"Leader Linn\u00e9 Sm\u00e5land","article_published_time":"2026-03-23T14:49:33+00:00","article_modified_time":"2026-04-15T10:58:46+00:00","og_image":[{"width":1718,"height":772,"url":"https:\/\/leaderlinne.se\/wp-content\/uploads\/sites\/52\/2026\/03\/Pa-jakt-efter-lokala-2.png","type":"image\/png"}],"author":"sofialeaderlinne","twitter_card":"summary_large_image","twitter_misc":{"Written by":"sofialeaderlinne","Est. reading time":"3 minutes"},"schema":{"@context":"https:\/\/schema.org","@graph":[{"@type":"Article","@id":"https:\/\/leaderlinne.se\/bysafari\/#article","isPartOf":{"@id":"https:\/\/leaderlinne.se\/bysafari\/"},"author":{"name":"sofialeaderlinne","@id":"https:\/\/leaderlinne.se\/#\/schema\/person\/cd68d7cc186f30b547d3ac8afa4c650d"},"headline":"Bysafari med Expedition Kulturarv","datePublished":"2026-03-23T14:49:33+00:00","dateModified":"2026-04-15T10:58:46+00:00","mainEntityOfPage":{"@id":"https:\/\/leaderlinne.se\/bysafari\/"},"wordCount":519,"image":{"@id":"https:\/\/leaderlinne.se\/bysafari\/#primaryimage"},"thumbnailUrl":"https:\/\/leaderlinne.se\/wp-content\/uploads\/sites\/52\/2026\/03\/Pa-jakt-efter-lokala-2.png","articleSection":["Expedition Kulturarv","Nyheter"],"inLanguage":"en-US"},{"@type":"WebPage","@id":"https:\/\/leaderlinne.se\/bysafari\/","url":"https:\/\/leaderlinne.se\/bysafari\/","name":"Bysafari med Expedition Kulturarv - Leader Linn\u00e9 Sm\u00e5land","isPartOf":{"@id":"https:\/\/leaderlinne.se\/#website"},"primaryImageOfPage":{"@id":"https:\/\/leaderlinne.se\/bysafari\/#primaryimage"},"image":{"@id":"https:\/\/leaderlinne.se\/bysafari\/#primaryimage"},"thumbnailUrl":"https:\/\/leaderlinne.se\/wp-content\/uploads\/sites\/52\/2026\/03\/Pa-jakt-efter-lokala-2.png","datePublished":"2026-03-23T14:49:33+00:00","dateModified":"2026-04-15T10:58:46+00:00","author":{"@id":"https:\/\/leaderlinne.se\/#\/schema\/person\/cd68d7cc186f30b547d3ac8afa4c650d"},"breadcrumb":{"@id":"https:\/\/leaderlinne.se\/bysafari\/#breadcrumb"},"inLanguage":"en-US","potentialAction":[{"@type":"ReadAction","target":["https:\/\/leaderlinne.se\/bysafari\/"]}]},{"@type":"ImageObject","inLanguage":"en-US","@id":"https:\/\/leaderlinne.se\/bysafari\/#primaryimage","url":"https:\/\/leaderlinne.se\/wp-content\/uploads\/sites\/52\/2026\/03\/Pa-jakt-efter-lokala-2.png","contentUrl":"https:\/\/leaderlinne.se\/wp-content\/uploads\/sites\/52\/2026\/03\/Pa-jakt-efter-lokala-2.png","width":1718,"height":772},{"@type":"BreadcrumbList","@id":"https:\/\/leaderlinne.se\/bysafari\/#breadcrumb","itemListElement":[{"@type":"ListItem","position":1,"name":"Hem","item":"https:\/\/leaderlinne.se\/"},{"@type":"ListItem","position":2,"name":"Bysafari med Expedition Kulturarv"}]},{"@type":"WebSite","@id":"https:\/\/leaderlinne.se\/#website","url":"https:\/\/leaderlinne.se\/","name":"Leader Linn\u00e9 Sm\u00e5land","description":"Du vet b\u00e4st vad din bygd beh\u00f6ver!","potentialAction":[{"@type":"SearchAction","target":{"@type":"EntryPoint","urlTemplate":"https:\/\/leaderlinne.se\/?s={search_term_string}"},"query-input":{"@type":"PropertyValueSpecification","valueRequired":true,"valueName":"search_term_string"}}],"inLanguage":"en-US"},{"@type":"Person","@id":"https:\/\/leaderlinne.se\/#\/schema\/person\/cd68d7cc186f30b547d3ac8afa4c650d","name":"sofialeaderlinne","image":{"@type":"ImageObject","inLanguage":"en-US","@id":"https:\/\/secure.gravatar.com\/avatar\/0fafd301831eefcd45aaeaee7463754a5bb1cd60415987f6d887dcbc11f3edf5?s=96&d=mm&r=g","url":"https:\/\/secure.gravatar.com\/avatar\/0fafd301831eefcd45aaeaee7463754a5bb1cd60415987f6d887dcbc11f3edf5?s=96&d=mm&r=g","contentUrl":"https:\/\/secure.gravatar.com\/avatar\/0fafd301831eefcd45aaeaee7463754a5bb1cd60415987f6d887dcbc11f3edf5?s=96&d=mm&r=g","caption":"sofialeaderlinne"}}]}},"_links":{"self":[{"href":"https:\/\/leaderlinne.se\/en\/wp-json\/wp\/v2\/posts\/12341","targetHints":{"allow":["GET"]}}],"collection":[{"href":"https:\/\/leaderlinne.se\/en\/wp-json\/wp\/v2\/posts"}],"about":[{"href":"https:\/\/leaderlinne.se\/en\/wp-json\/wp\/v2\/types\/post"}],"author":[{"embeddable":true,"href":"https:\/\/leaderlinne.se\/en\/wp-json\/wp\/v2\/users\/129"}],"replies":[{"embeddable":true,"href":"https:\/\/leaderlinne.se\/en\/wp-json\/wp\/v2\/comments?post=12341"}],"version-history":[{"count":6,"href":"https:\/\/leaderlinne.se\/en\/wp-json\/wp\/v2\/posts\/12341\/revisions"}],"predecessor-version":[{"id":12428,"href":"https:\/\/leaderlinne.se\/en\/wp-json\/wp\/v2\/posts\/12341\/revisions\/12428"}],"wp:featuredmedia":[{"embeddable":true,"href":"https:\/\/leaderlinne.se\/en\/wp-json\/wp\/v2\/media\/12351"}],"wp:attachment":[{"href":"https:\/\/leaderlinne.se\/en\/wp-json\/wp\/v2\/media?parent=12341"}],"wp:term":[{"taxonomy":"category","embeddable":true,"href":"https:\/\/leaderlinne.se\/en\/wp-json\/wp\/v2\/categories?post=12341"},{"taxonomy":"post_tag","embeddable":true,"href":"https:\/\/leaderlinne.se\/en\/wp-json\/wp\/v2\/tags?post=12341"}],"curies":[{"name":"wp","href":"https:\/\/api.w.org\/{rel}","templated":true}]}}