{"id":10282,"date":"2025-05-15T08:43:56","date_gmt":"2025-05-15T08:43:56","guid":{"rendered":"https:\/\/leaderlinne.leadersverige.se\/?p=10282"},"modified":"2026-03-23T14:10:59","modified_gmt":"2026-03-23T14:10:59","slug":"rusta-bygden-podcast-och-metodsida-3","status":"publish","type":"post","link":"https:\/\/leaderlinne.se\/en\/rusta-bygden-podcast-och-metodsida-3\/","title":{"rendered":"Winners in the hunt for local cultural heritage!"},"content":{"rendered":"<p>Expedition Cultural Heritage has been very busy! A total of 29 contributions were submitted to the competition to find local cultural treasures. All were incredibly exciting and it was a great challenge for the jury to select 10 winners, who were immortalized with a painting and celebrated at the vernissage during Rural Week on May 8th.<\/p>\n<p>Over 40 people came to the vernissage at Folkets hus in Alvesta and it became an incredibly good cultural exchange when the winners got to share their contributions with each other and the visitors.<\/p>\n<p>&nbsp;<\/p>\n<p><img loading=\"lazy\" decoding=\"async\" class=\"alignnone wp-image-10704\" src=\"https:\/\/leaderlinne.leadersverige.se\/wp-content\/uploads\/sites\/52\/2023\/01\/markarydganget-scaled.jpg\" alt=\"\" width=\"247\" height=\"329\" \/>\u00a0 \u00a0<img loading=\"lazy\" decoding=\"async\" class=\"alignnone wp-image-10705\" src=\"https:\/\/leaderlinne.leadersverige.se\/wp-content\/uploads\/sites\/52\/2023\/01\/p4-kom-en-ltien-stund-scaled.jpg\" alt=\"\" width=\"246\" height=\"328\" \/>\u00a0 \u00a0<img loading=\"lazy\" decoding=\"async\" class=\"alignnone wp-image-10706\" src=\"https:\/\/leaderlinne.leadersverige.se\/wp-content\/uploads\/sites\/52\/2023\/01\/fika-scaled.jpg\" alt=\"\" width=\"244\" height=\"325\" \/><\/p>\n<p>&nbsp;<\/p>\n<p>We thank again all who submitted their local cultural heritage as contributions to our competition and give a big congratulations again to the following winners:<\/p>\n<ul>\n<li>Sv\u00e4namassens cave (Alvesta municipality)<\/li>\n<li>Komstad mill (S\u00e4vsj\u00f6 municipality)<\/li>\n<li>The light woman in Kalvsvik (V\u00e4xj\u00f6 municipality)<\/li>\n<li>Esters bread (Ljungby municipality)<\/li>\n<li>Skarvs\u00f6m (V\u00e4rnamo municipality)<\/li>\n<li>Markaryds S\u00f6derg\u00e5rd (Markaryds municipality)<\/li>\n<li>Wieselgrensg\u00e5rden (Alvesta municipality)<\/li>\n<li>Tr\u00e4le K\u00e4lla (V\u00e4rnamo municipality)<\/li>\n<li>Trean's peat machine (Markaryds municipality)<\/li>\n<li>The cottage Kj\u00f6pet (Ljungby municipality)<\/li>\n<\/ul>\n<p>&nbsp;<\/p>\n<p><img loading=\"lazy\" decoding=\"async\" class=\"alignnone wp-image-10698\" src=\"https:\/\/leaderlinne.leadersverige.se\/wp-content\/uploads\/sites\/52\/2023\/01\/svanamassens-grotta-scaled.jpg\" alt=\"\" width=\"173\" height=\"231\" \/> \u00a0<img loading=\"lazy\" decoding=\"async\" class=\"alignnone wp-image-10693\" src=\"https:\/\/leaderlinne.leadersverige.se\/wp-content\/uploads\/sites\/52\/2023\/01\/Komstad-Kvarn-scaled.jpg\" alt=\"\" width=\"171\" height=\"228\" \/> \u00a0<img loading=\"lazy\" decoding=\"async\" class=\"alignnone wp-image-10694\" src=\"https:\/\/leaderlinne.leadersverige.se\/wp-content\/uploads\/sites\/52\/2023\/01\/Ljuskaringen-scaled.jpg\" alt=\"\" width=\"172\" height=\"230\" \/> \u00a0<img loading=\"lazy\" decoding=\"async\" class=\"alignnone wp-image-10692\" src=\"https:\/\/leaderlinne.leadersverige.se\/wp-content\/uploads\/sites\/52\/2023\/01\/Esters-brod-scaled.jpg\" alt=\"\" width=\"172\" height=\"229\" \/> \u00a0<img loading=\"lazy\" decoding=\"async\" class=\"alignnone wp-image-10696\" src=\"https:\/\/leaderlinne.leadersverige.se\/wp-content\/uploads\/sites\/52\/2023\/01\/skarvsom-1-scaled.jpg\" alt=\"\" width=\"173\" height=\"231\" \/><br \/>\n<img loading=\"lazy\" decoding=\"async\" class=\"alignnone wp-image-10695\" src=\"https:\/\/leaderlinne.leadersverige.se\/wp-content\/uploads\/sites\/52\/2023\/01\/markaryds-sodergard-scaled.jpg\" alt=\"\" width=\"169\" height=\"226\" \/>\u00a0 <img loading=\"lazy\" decoding=\"async\" class=\"alignnone wp-image-10703\" src=\"https:\/\/leaderlinne.leadersverige.se\/wp-content\/uploads\/sites\/52\/2023\/01\/wieselgrensgarden-scaled.jpg\" alt=\"\" width=\"169\" height=\"226\" \/> \u00a0<img loading=\"lazy\" decoding=\"async\" class=\"alignnone wp-image-10702\" src=\"https:\/\/leaderlinne.leadersverige.se\/wp-content\/uploads\/sites\/52\/2023\/01\/Trale-kalla1-scaled.jpg\" alt=\"\" width=\"172\" height=\"229\" \/> \u00a0<img loading=\"lazy\" decoding=\"async\" class=\"alignnone wp-image-10700\" src=\"https:\/\/leaderlinne.leadersverige.se\/wp-content\/uploads\/sites\/52\/2023\/01\/treans-torvmaskin-scaled.jpg\" alt=\"\" width=\"175\" height=\"233\" \/> \u00a0<img loading=\"lazy\" decoding=\"async\" class=\"alignnone wp-image-10699\" src=\"https:\/\/leaderlinne.leadersverige.se\/wp-content\/uploads\/sites\/52\/2023\/01\/Torpet-Kjopet-scaled.jpg\" alt=\"\" width=\"174\" height=\"232\" \/><\/p>\n<p>&nbsp;<\/p>\n<h2>Did you miss the vernissage?<\/h2>\n<p>No worries! You can still visit the traveling exhibition that will continue to tour between the municipalities for the rest of the year. Please contact sofia@leaderlinne.se to have it come to your location!<\/p>\n<p>It is also possible to read about all the contributions digitally at the links below:<br \/>\n<a href=\"https:\/\/leaderlinne.leadersverige.se\/wp-content\/uploads\/sites\/52\/2025\/11\/1351209_EXKULTURARV_Vinnare_webb.pdf\">EXCULTURALHERITAGE_Winners<\/a> (pdf)<br \/>\n<a href=\"https:\/\/leaderlinne.leadersverige.se\/wp-content\/uploads\/sites\/52\/2025\/11\/1351208_EXKULTURARV_Hedersomnamnnade_webb.pdf\">EXCULTURALHERITAGE_Honorary mentions<\/a> (pdf)<\/p>\n<p>&nbsp;<\/p>\n<hr \/>\n<p><span style=\"color: #999999;\">Published: May 15, 2025\u00a0<\/span><\/p>\n<p>&nbsp;<\/p>\n<p data-end=\"1368\" data-start=\"1172\">\u00a0\u00a0 \u00a0 \u00a0 \u00a0 \u00a0 \u00a0<img loading=\"lazy\" decoding=\"async\" class=\"alignnone wp-image-1596\" role=\"img\" src=\"https:\/\/leaderlinne.leadersverige.se\/wp-content\/uploads\/sites\/52\/2023\/01\/SV-V-Medfinansieras-av-Europeiska-unionen_POS-4-1.svg\" alt=\"\" width=\"136\" height=\"127\" \/>\u00a0 \u00a0 \u00a0 \u00a0 \u00a0<img loading=\"lazy\" decoding=\"async\" class=\"alignnone wp-image-10688\" src=\"https:\/\/leaderlinne.leadersverige.se\/wp-content\/uploads\/sites\/52\/2025\/11\/logo-gul_box_M.png\" alt=\"\" width=\"175\" height=\"104\" \/><\/p>\n<p data-end=\"1368\" data-start=\"1172\">","protected":false},"excerpt":{"rendered":"<p>Winners of the Expedition Cultural Heritage competition were celebrated at the opening in Alvesta. Read more about all the contributions!<\/p>","protected":false},"author":129,"featured_media":10691,"comment_status":"closed","ping_status":"closed","sticky":false,"template":"","format":"standard","meta":{"_acf_changed":false,"_et_pb_use_builder":"","_et_pb_old_content":"","_et_gb_content_width":"","footnotes":"","_links_to":"","_links_to_target":""},"categories":[73,1],"tags":[34],"class_list":["post-10282","post","type-post","status-publish","format-standard","has-post-thumbnail","hentry","category-kultur","category-nyhet","tag-egna-projekt"],"acf":[],"yoast_head":"<!-- This site is optimized with the Yoast SEO plugin v28.2 - https:\/\/yoast.com\/product\/yoast-seo-wordpress\/ -->\n<title>Vinnare i jakten p\u00e5 lokala kulturarv! - Leader Linn\u00e9 Sm\u00e5land<\/title>\n<meta name=\"robots\" content=\"index, follow, max-snippet:-1, max-image-preview:large, max-video-preview:-1\" \/>\n<link rel=\"canonical\" href=\"https:\/\/leaderlinne.se\/en\/rusta-bygden-podcast-och-metodsida-3\/\" \/>\n<meta property=\"og:locale\" content=\"en_US\" \/>\n<meta property=\"og:type\" content=\"article\" \/>\n<meta property=\"og:title\" content=\"Vinnare i jakten p\u00e5 lokala kulturarv! - Leader Linn\u00e9 Sm\u00e5land\" \/>\n<meta property=\"og:description\" content=\"Vinnare i Expedition Kulturarvs t\u00e4vling hyllades p\u00e5 vernissage i Alvesta. L\u00e4s mer om alla bidragen!\" \/>\n<meta property=\"og:url\" content=\"https:\/\/leaderlinne.se\/en\/rusta-bygden-podcast-och-metodsida-3\/\" \/>\n<meta property=\"og:site_name\" content=\"Leader Linn\u00e9 Sm\u00e5land\" \/>\n<meta property=\"article:published_time\" content=\"2025-05-15T08:43:56+00:00\" \/>\n<meta property=\"article:modified_time\" content=\"2026-03-23T14:10:59+00:00\" \/>\n<meta property=\"og:image\" content=\"https:\/\/leaderlinne.se\/wp-content\/uploads\/sites\/52\/2025\/11\/1351245_medium_presentation_av_vinnare.webp\" \/>\n\t<meta property=\"og:image:width\" content=\"1000\" \/>\n\t<meta property=\"og:image:height\" content=\"587\" \/>\n\t<meta property=\"og:image:type\" content=\"image\/webp\" \/>\n<meta name=\"author\" content=\"sofialeaderlinne\" \/>\n<meta name=\"twitter:card\" content=\"summary_large_image\" \/>\n<meta name=\"twitter:label1\" content=\"Written by\" \/>\n\t<meta name=\"twitter:data1\" content=\"sofialeaderlinne\" \/>\n\t<meta name=\"twitter:label2\" content=\"Est. reading time\" \/>\n\t<meta name=\"twitter:data2\" content=\"5 minutes\" \/>\n<script type=\"application\/ld+json\" class=\"yoast-schema-graph\">{\"@context\":\"https:\\\/\\\/schema.org\",\"@graph\":[{\"@type\":\"Article\",\"@id\":\"https:\\\/\\\/leaderlinne.se\\\/rusta-bygden-podcast-och-metodsida-3\\\/#article\",\"isPartOf\":{\"@id\":\"https:\\\/\\\/leaderlinne.se\\\/rusta-bygden-podcast-och-metodsida-3\\\/\"},\"author\":{\"name\":\"sofialeaderlinne\",\"@id\":\"https:\\\/\\\/leaderlinne.se\\\/#\\\/schema\\\/person\\\/cd68d7cc186f30b547d3ac8afa4c650d\"},\"headline\":\"Vinnare i jakten p\u00e5 lokala kulturarv!\",\"datePublished\":\"2025-05-15T08:43:56+00:00\",\"dateModified\":\"2026-03-23T14:10:59+00:00\",\"mainEntityOfPage\":{\"@id\":\"https:\\\/\\\/leaderlinne.se\\\/rusta-bygden-podcast-och-metodsida-3\\\/\"},\"wordCount\":245,\"image\":{\"@id\":\"https:\\\/\\\/leaderlinne.se\\\/rusta-bygden-podcast-och-metodsida-3\\\/#primaryimage\"},\"thumbnailUrl\":\"https:\\\/\\\/leaderlinne.se\\\/wp-content\\\/uploads\\\/sites\\\/52\\\/2025\\\/11\\\/1351245_medium_presentation_av_vinnare.webp\",\"keywords\":[\"Egna projekt\"],\"articleSection\":[\"Expedition Kulturarv\",\"Nyheter\"],\"inLanguage\":\"en-US\"},{\"@type\":\"WebPage\",\"@id\":\"https:\\\/\\\/leaderlinne.se\\\/rusta-bygden-podcast-och-metodsida-3\\\/\",\"url\":\"https:\\\/\\\/leaderlinne.se\\\/rusta-bygden-podcast-och-metodsida-3\\\/\",\"name\":\"Vinnare i jakten p\u00e5 lokala kulturarv! - Leader Linn\u00e9 Sm\u00e5land\",\"isPartOf\":{\"@id\":\"https:\\\/\\\/leaderlinne.se\\\/#website\"},\"primaryImageOfPage\":{\"@id\":\"https:\\\/\\\/leaderlinne.se\\\/rusta-bygden-podcast-och-metodsida-3\\\/#primaryimage\"},\"image\":{\"@id\":\"https:\\\/\\\/leaderlinne.se\\\/rusta-bygden-podcast-och-metodsida-3\\\/#primaryimage\"},\"thumbnailUrl\":\"https:\\\/\\\/leaderlinne.se\\\/wp-content\\\/uploads\\\/sites\\\/52\\\/2025\\\/11\\\/1351245_medium_presentation_av_vinnare.webp\",\"datePublished\":\"2025-05-15T08:43:56+00:00\",\"dateModified\":\"2026-03-23T14:10:59+00:00\",\"author\":{\"@id\":\"https:\\\/\\\/leaderlinne.se\\\/#\\\/schema\\\/person\\\/cd68d7cc186f30b547d3ac8afa4c650d\"},\"breadcrumb\":{\"@id\":\"https:\\\/\\\/leaderlinne.se\\\/rusta-bygden-podcast-och-metodsida-3\\\/#breadcrumb\"},\"inLanguage\":\"en-US\",\"potentialAction\":[{\"@type\":\"ReadAction\",\"target\":[\"https:\\\/\\\/leaderlinne.se\\\/rusta-bygden-podcast-och-metodsida-3\\\/\"]}]},{\"@type\":\"ImageObject\",\"inLanguage\":\"en-US\",\"@id\":\"https:\\\/\\\/leaderlinne.se\\\/rusta-bygden-podcast-och-metodsida-3\\\/#primaryimage\",\"url\":\"https:\\\/\\\/leaderlinne.se\\\/wp-content\\\/uploads\\\/sites\\\/52\\\/2025\\\/11\\\/1351245_medium_presentation_av_vinnare.webp\",\"contentUrl\":\"https:\\\/\\\/leaderlinne.se\\\/wp-content\\\/uploads\\\/sites\\\/52\\\/2025\\\/11\\\/1351245_medium_presentation_av_vinnare.webp\",\"width\":1000,\"height\":587},{\"@type\":\"BreadcrumbList\",\"@id\":\"https:\\\/\\\/leaderlinne.se\\\/rusta-bygden-podcast-och-metodsida-3\\\/#breadcrumb\",\"itemListElement\":[{\"@type\":\"ListItem\",\"position\":1,\"name\":\"Hem\",\"item\":\"https:\\\/\\\/leaderlinne.se\\\/\"},{\"@type\":\"ListItem\",\"position\":2,\"name\":\"Vinnare i jakten p\u00e5 lokala kulturarv!\"}]},{\"@type\":\"WebSite\",\"@id\":\"https:\\\/\\\/leaderlinne.se\\\/#website\",\"url\":\"https:\\\/\\\/leaderlinne.se\\\/\",\"name\":\"Leader Linn\u00e9 Sm\u00e5land\",\"description\":\"Du vet b\u00e4st vad din bygd beh\u00f6ver!\",\"potentialAction\":[{\"@type\":\"SearchAction\",\"target\":{\"@type\":\"EntryPoint\",\"urlTemplate\":\"https:\\\/\\\/leaderlinne.se\\\/?s={search_term_string}\"},\"query-input\":{\"@type\":\"PropertyValueSpecification\",\"valueRequired\":true,\"valueName\":\"search_term_string\"}}],\"inLanguage\":\"en-US\"},{\"@type\":\"Person\",\"@id\":\"https:\\\/\\\/leaderlinne.se\\\/#\\\/schema\\\/person\\\/cd68d7cc186f30b547d3ac8afa4c650d\",\"name\":\"sofialeaderlinne\",\"image\":{\"@type\":\"ImageObject\",\"inLanguage\":\"en-US\",\"@id\":\"https:\\\/\\\/secure.gravatar.com\\\/avatar\\\/0fafd301831eefcd45aaeaee7463754a5bb1cd60415987f6d887dcbc11f3edf5?s=96&d=mm&r=g\",\"url\":\"https:\\\/\\\/secure.gravatar.com\\\/avatar\\\/0fafd301831eefcd45aaeaee7463754a5bb1cd60415987f6d887dcbc11f3edf5?s=96&d=mm&r=g\",\"contentUrl\":\"https:\\\/\\\/secure.gravatar.com\\\/avatar\\\/0fafd301831eefcd45aaeaee7463754a5bb1cd60415987f6d887dcbc11f3edf5?s=96&d=mm&r=g\",\"caption\":\"sofialeaderlinne\"}}]}<\/script>\n<!-- \/ Yoast SEO plugin. -->","yoast_head_json":{"title":"Vinnare i jakten p\u00e5 lokala kulturarv! - Leader Linn\u00e9 Sm\u00e5land","robots":{"index":"index","follow":"follow","max-snippet":"max-snippet:-1","max-image-preview":"max-image-preview:large","max-video-preview":"max-video-preview:-1"},"canonical":"https:\/\/leaderlinne.se\/en\/rusta-bygden-podcast-och-metodsida-3\/","og_locale":"en_US","og_type":"article","og_title":"Vinnare i jakten p\u00e5 lokala kulturarv! - Leader Linn\u00e9 Sm\u00e5land","og_description":"Vinnare i Expedition Kulturarvs t\u00e4vling hyllades p\u00e5 vernissage i Alvesta. L\u00e4s mer om alla bidragen!","og_url":"https:\/\/leaderlinne.se\/en\/rusta-bygden-podcast-och-metodsida-3\/","og_site_name":"Leader Linn\u00e9 Sm\u00e5land","article_published_time":"2025-05-15T08:43:56+00:00","article_modified_time":"2026-03-23T14:10:59+00:00","og_image":[{"width":1000,"height":587,"url":"https:\/\/leaderlinne.se\/wp-content\/uploads\/sites\/52\/2025\/11\/1351245_medium_presentation_av_vinnare.webp","type":"image\/webp"}],"author":"sofialeaderlinne","twitter_card":"summary_large_image","twitter_misc":{"Written by":"sofialeaderlinne","Est. reading time":"5 minutes"},"schema":{"@context":"https:\/\/schema.org","@graph":[{"@type":"Article","@id":"https:\/\/leaderlinne.se\/rusta-bygden-podcast-och-metodsida-3\/#article","isPartOf":{"@id":"https:\/\/leaderlinne.se\/rusta-bygden-podcast-och-metodsida-3\/"},"author":{"name":"sofialeaderlinne","@id":"https:\/\/leaderlinne.se\/#\/schema\/person\/cd68d7cc186f30b547d3ac8afa4c650d"},"headline":"Vinnare i jakten p\u00e5 lokala kulturarv!","datePublished":"2025-05-15T08:43:56+00:00","dateModified":"2026-03-23T14:10:59+00:00","mainEntityOfPage":{"@id":"https:\/\/leaderlinne.se\/rusta-bygden-podcast-och-metodsida-3\/"},"wordCount":245,"image":{"@id":"https:\/\/leaderlinne.se\/rusta-bygden-podcast-och-metodsida-3\/#primaryimage"},"thumbnailUrl":"https:\/\/leaderlinne.se\/wp-content\/uploads\/sites\/52\/2025\/11\/1351245_medium_presentation_av_vinnare.webp","keywords":["Egna projekt"],"articleSection":["Expedition Kulturarv","Nyheter"],"inLanguage":"en-US"},{"@type":"WebPage","@id":"https:\/\/leaderlinne.se\/rusta-bygden-podcast-och-metodsida-3\/","url":"https:\/\/leaderlinne.se\/rusta-bygden-podcast-och-metodsida-3\/","name":"Vinnare i jakten p\u00e5 lokala kulturarv! - Leader Linn\u00e9 Sm\u00e5land","isPartOf":{"@id":"https:\/\/leaderlinne.se\/#website"},"primaryImageOfPage":{"@id":"https:\/\/leaderlinne.se\/rusta-bygden-podcast-och-metodsida-3\/#primaryimage"},"image":{"@id":"https:\/\/leaderlinne.se\/rusta-bygden-podcast-och-metodsida-3\/#primaryimage"},"thumbnailUrl":"https:\/\/leaderlinne.se\/wp-content\/uploads\/sites\/52\/2025\/11\/1351245_medium_presentation_av_vinnare.webp","datePublished":"2025-05-15T08:43:56+00:00","dateModified":"2026-03-23T14:10:59+00:00","author":{"@id":"https:\/\/leaderlinne.se\/#\/schema\/person\/cd68d7cc186f30b547d3ac8afa4c650d"},"breadcrumb":{"@id":"https:\/\/leaderlinne.se\/rusta-bygden-podcast-och-metodsida-3\/#breadcrumb"},"inLanguage":"en-US","potentialAction":[{"@type":"ReadAction","target":["https:\/\/leaderlinne.se\/rusta-bygden-podcast-och-metodsida-3\/"]}]},{"@type":"ImageObject","inLanguage":"en-US","@id":"https:\/\/leaderlinne.se\/rusta-bygden-podcast-och-metodsida-3\/#primaryimage","url":"https:\/\/leaderlinne.se\/wp-content\/uploads\/sites\/52\/2025\/11\/1351245_medium_presentation_av_vinnare.webp","contentUrl":"https:\/\/leaderlinne.se\/wp-content\/uploads\/sites\/52\/2025\/11\/1351245_medium_presentation_av_vinnare.webp","width":1000,"height":587},{"@type":"BreadcrumbList","@id":"https:\/\/leaderlinne.se\/rusta-bygden-podcast-och-metodsida-3\/#breadcrumb","itemListElement":[{"@type":"ListItem","position":1,"name":"Hem","item":"https:\/\/leaderlinne.se\/"},{"@type":"ListItem","position":2,"name":"Vinnare i jakten p\u00e5 lokala kulturarv!"}]},{"@type":"WebSite","@id":"https:\/\/leaderlinne.se\/#website","url":"https:\/\/leaderlinne.se\/","name":"Leader Linn\u00e9 Sm\u00e5land","description":"Du vet b\u00e4st vad din bygd beh\u00f6ver!","potentialAction":[{"@type":"SearchAction","target":{"@type":"EntryPoint","urlTemplate":"https:\/\/leaderlinne.se\/?s={search_term_string}"},"query-input":{"@type":"PropertyValueSpecification","valueRequired":true,"valueName":"search_term_string"}}],"inLanguage":"en-US"},{"@type":"Person","@id":"https:\/\/leaderlinne.se\/#\/schema\/person\/cd68d7cc186f30b547d3ac8afa4c650d","name":"sofialeaderlinne","image":{"@type":"ImageObject","inLanguage":"en-US","@id":"https:\/\/secure.gravatar.com\/avatar\/0fafd301831eefcd45aaeaee7463754a5bb1cd60415987f6d887dcbc11f3edf5?s=96&d=mm&r=g","url":"https:\/\/secure.gravatar.com\/avatar\/0fafd301831eefcd45aaeaee7463754a5bb1cd60415987f6d887dcbc11f3edf5?s=96&d=mm&r=g","contentUrl":"https:\/\/secure.gravatar.com\/avatar\/0fafd301831eefcd45aaeaee7463754a5bb1cd60415987f6d887dcbc11f3edf5?s=96&d=mm&r=g","caption":"sofialeaderlinne"}}]}},"_links":{"self":[{"href":"https:\/\/leaderlinne.se\/en\/wp-json\/wp\/v2\/posts\/10282","targetHints":{"allow":["GET"]}}],"collection":[{"href":"https:\/\/leaderlinne.se\/en\/wp-json\/wp\/v2\/posts"}],"about":[{"href":"https:\/\/leaderlinne.se\/en\/wp-json\/wp\/v2\/types\/post"}],"author":[{"embeddable":true,"href":"https:\/\/leaderlinne.se\/en\/wp-json\/wp\/v2\/users\/129"}],"replies":[{"embeddable":true,"href":"https:\/\/leaderlinne.se\/en\/wp-json\/wp\/v2\/comments?post=10282"}],"version-history":[{"count":8,"href":"https:\/\/leaderlinne.se\/en\/wp-json\/wp\/v2\/posts\/10282\/revisions"}],"predecessor-version":[{"id":12110,"href":"https:\/\/leaderlinne.se\/en\/wp-json\/wp\/v2\/posts\/10282\/revisions\/12110"}],"wp:featuredmedia":[{"embeddable":true,"href":"https:\/\/leaderlinne.se\/en\/wp-json\/wp\/v2\/media\/10691"}],"wp:attachment":[{"href":"https:\/\/leaderlinne.se\/en\/wp-json\/wp\/v2\/media?parent=10282"}],"wp:term":[{"taxonomy":"category","embeddable":true,"href":"https:\/\/leaderlinne.se\/en\/wp-json\/wp\/v2\/categories?post=10282"},{"taxonomy":"post_tag","embeddable":true,"href":"https:\/\/leaderlinne.se\/en\/wp-json\/wp\/v2\/tags?post=10282"}],"curies":[{"name":"wp","href":"https:\/\/api.w.org\/{rel}","templated":true}]}}